[{"@context":"https:\/\/schema.org\/","@type":"Article","@id":"https:\/\/www.zenya.cz\/v-jakem-obdobi-jsou-pro-nas-nejvhodnejsi\/#Article","mainEntityOfPage":"https:\/\/www.zenya.cz\/v-jakem-obdobi-jsou-pro-nas-nejvhodnejsi\/","headline":"V jak\u00e9m obdob\u00ed jsou pro n\u00e1s nejvhodn\u011bj\u0161\u00ed","name":"V jak\u00e9m obdob\u00ed jsou pro n\u00e1s nejvhodn\u011bj\u0161\u00ed","description":"Zmrzliny jak jsme se ji\u017e mohli dozv\u011bd\u011bt, jsou pro n\u00e1s ur\u010den\u00e9 p\u0159edev\u0161\u00edm v t\u011bch letn\u00edch m\u011bs\u00edc\u00edch. Nen\u00ed to ani na ja\u0159e, ani na podzim, a v zim\u011b u\u017e v\u016fbec ne. Letn\u00ed obdob\u00ed je pro n\u011b jako stvo\u0159en\u00e9 N\u011bkdy se mohou tyto pochoutky vyskytovat u\u017e v jarn\u00edch m\u011bs\u00edc\u00edch, p\u0159ibli\u017en\u011b kolem kv\u011btna, kdy se u\u017e d\u011bl\u00e1 pom\u011brn\u011b...","datePublished":"2024-12-07","dateModified":"2024-12-07","author":{"@type":"Person","@id":"https:\/\/www.zenya.cz\/author\/#Person","name":"","url":"https:\/\/www.zenya.cz\/author\/","identifier":1,"image":{"@type":"ImageObject","@id":"https:\/\/secure.gravatar.com\/avatar\/95e04d59dbd953edbb4078d954ab72cca879b754151ff5a1a9844caae0615e95?s=96&d=mm&r=g","url":"https:\/\/secure.gravatar.com\/avatar\/95e04d59dbd953edbb4078d954ab72cca879b754151ff5a1a9844caae0615e95?s=96&d=mm&r=g","height":96,"width":96}},"publisher":{"@type":"Organization","name":"zenya.cz","logo":{"@type":"ImageObject","@id":"\/logo.png","url":"\/logo.png","width":600,"height":60}},"url":"https:\/\/www.zenya.cz\/v-jakem-obdobi-jsou-pro-nas-nejvhodnejsi\/","wordCount":189,"articleBody":"Zmrzliny jak jsme se ji\u017e mohli dozv\u011bd\u011bt, jsou pro n\u00e1s ur\u010den\u00e9 p\u0159edev\u0161\u00edm v t\u011bch letn\u00edch m\u011bs\u00edc\u00edch. Nen\u00ed to ani na ja\u0159e, ani na podzim, a v zim\u011b u\u017e v\u016fbec ne. Letn\u00ed obdob\u00ed je pro n\u011b jako stvo\u0159en\u00e9 N\u011bkdy se mohou tyto pochoutky vyskytovat u\u017e v jarn\u00edch m\u011bs\u00edc\u00edch, p\u0159ibli\u017en\u011b kolem kv\u011btna, kdy se u\u017e d\u011bl\u00e1 pom\u011brn\u011b velik\u00e9 teplo. Ale nejv\u00edce se prod\u00e1vaj\u00ed v m\u011bs\u00edc\u00edch od \u010dervna do srpna. I v z\u00e1\u0159\u00ed je\u0161t\u011b dozn\u00edvaj\u00ed zbytky l\u00e9ta, a tato lahodn\u00e1 pochoutka n\u00e1m p\u0159ijde k chuti. Ov\u0161em p\u0159ece jenom ty letn\u00ed m\u011bs\u00edce jim p\u0159ej\u00ed opravdu nejv\u00edce. P\u0159edev\u0161\u00edm, kdy\u017e n\u00e1s to l\u00e1k\u00e1 na koupali\u0161t\u011b, na r\u016fzn\u00e9 proch\u00e1zky, pout\u011b apod. V takov\u00fdch p\u0159\u00edpadech se \u010dlov\u011bk pot\u0159ebuje n\u011b\u010d\u00edm shladit, a osv\u011b\u017eit. A tato jedine\u010dn\u00e1 pochoutka, kterou snad nic nenahrad\u00ed, je pro tyto p\u0159\u00edle\u017eitosti p\u0159\u00edmo jako d\u011blan\u00e1.                                                                                                                                                                                                                                                                                                                                                                                        5\/5 - (2 votes)        "},{"@context":"https:\/\/schema.org\/","@type":"BreadcrumbList","itemListElement":[{"@type":"ListItem","position":1,"name":"V jak\u00e9m obdob\u00ed jsou pro n\u00e1s nejvhodn\u011bj\u0161\u00ed","item":"https:\/\/www.zenya.cz\/v-jakem-obdobi-jsou-pro-nas-nejvhodnejsi\/#breadcrumbitem"}]}]