[{"@context":"https:\/\/schema.org\/","@type":"Article","@id":"https:\/\/www.zenya.cz\/proc-ma-vyznam-cistit-vzduchotechniku\/#Article","mainEntityOfPage":"https:\/\/www.zenya.cz\/proc-ma-vyznam-cistit-vzduchotechniku\/","headline":"Pro\u010d m\u00e1 v\u00fdznam \u010distit vzduchotechniku","name":"Pro\u010d m\u00e1 v\u00fdznam \u010distit vzduchotechniku","description":"\u017de jsou \u010distota a po\u0159\u00e1dek z\u00e1sady slu\u0161n\u00fdch lid\u00ed, ka\u017ed\u00fd v\u00ed, a p\u0159ipom\u00edn\u00e1 n\u00e1m to kup\u0159\u00edkladu Jaroslav Marvan ve filmu And\u011bl na hor\u00e1ch, kdy k\u00e1r\u00e1 sv\u00e9ho spolubydl\u00edc\u00edho pana Pule\u010dka, kter\u00fd odhazuje kolem sebe novinov\u00e9 pap\u00edry ze sv\u00fdch bot. Udr\u017eujete-li doma po\u0159\u00e1dek pr\u016fb\u011b\u017en\u011b, a db\u00e1te o \u010distotu a hygienu, je to samoz\u0159ejm\u011b v po\u0159\u00e1dku, ale \u017ee bychom...","datePublished":"2022-06-11","dateModified":"2023-04-29","author":{"@type":"Person","@id":"https:\/\/www.zenya.cz\/author\/#Person","name":"","url":"https:\/\/www.zenya.cz\/author\/","identifier":1,"image":{"@type":"ImageObject","@id":"https:\/\/secure.gravatar.com\/avatar\/95e04d59dbd953edbb4078d954ab72cca879b754151ff5a1a9844caae0615e95?s=96&d=mm&r=g","url":"https:\/\/secure.gravatar.com\/avatar\/95e04d59dbd953edbb4078d954ab72cca879b754151ff5a1a9844caae0615e95?s=96&d=mm&r=g","height":96,"width":96}},"publisher":{"@type":"Organization","name":"zenya.cz","logo":{"@type":"ImageObject","@id":"\/logo.png","url":"\/logo.png","width":600,"height":60}},"image":{"@type":"ImageObject","@id":"https:\/\/www.zenya.cz\/wp-content\/uploads\/air-conditioner-1028554_640_3.jpg","url":"https:\/\/www.zenya.cz\/wp-content\/uploads\/air-conditioner-1028554_640_3.jpg","height":0,"width":0},"url":"https:\/\/www.zenya.cz\/proc-ma-vyznam-cistit-vzduchotechniku\/","about":["Podnik\u00e1n\u00ed"],"wordCount":415,"articleBody":"   \u017de jsou \u010distota a po\u0159\u00e1dek z\u00e1sady slu\u0161n\u00fdch lid\u00ed, ka\u017ed\u00fd v\u00ed, a p\u0159ipom\u00edn\u00e1 n\u00e1m to kup\u0159\u00edkladu Jaroslav Marvan ve filmu And\u011bl na hor\u00e1ch, kdy k\u00e1r\u00e1 sv\u00e9ho spolubydl\u00edc\u00edho pana Pule\u010dka, kter\u00fd odhazuje kolem sebe novinov\u00e9 pap\u00edry ze sv\u00fdch bot. Udr\u017eujete-li doma po\u0159\u00e1dek pr\u016fb\u011b\u017en\u011b, a db\u00e1te o \u010distotu a hygienu, je to samoz\u0159ejm\u011b v po\u0159\u00e1dku, ale \u017ee bychom je\u0161t\u011b k vys\u00e1v\u00e1n\u00ed koberc\u016f, ut\u00edr\u00e1n\u00ed prachu a myt\u00ed oken m\u011bli p\u0159ipojit \u010di\u0161t\u011bn\u00ed vnit\u0159n\u00edch st\u011bn rozvod\u016f vzduchotechniky? V\u017edy\u0165 tam se p\u0159ece nikdo b\u011b\u017en\u011b ned\u00edv\u00e1, a nekontroluje, jak je m\u00e1me vysm\u00fd\u010den\u00e9 a nabl\u00fdskan\u00e9?Tentokr\u00e1t ov\u0161em v\u016fbec nejde o to, aby byla vzduchotechnika uvnit\u0159 p\u0159\u00edmo nale\u0161t\u011bn\u00e1 a vizu\u00e1ln\u011b zaj\u00edmav\u00e1, ve h\u0159e je n\u011bco jin\u00e9ho, a sice dva nebezpe\u010dn\u00e9 d\u016fvody \u2013 pl\u00edsn\u011b a nebezpe\u010d\u00ed po\u017e\u00e1ru.Po\u017e\u00e1r nebo v\u00fdbuch \u2013 \u017ee by uvnit\u0159 klimatizace za\u010dalo ho\u0159et? Nezd\u00e1 se v\u00e1m to p\u0159ita\u017een\u00e9 za vlasy? Nezd\u00e1. V\u016fbec ne! P\u0159i provozu vzduchotechniky, zejm\u00e9na v bytov\u00fdch domech, doch\u00e1z\u00ed ke kontaminaci vnit\u0159n\u00edch st\u011bn prachem a spolu s n\u00edm se tu velmi \u010dasto usazuje mastnota, zejm\u00e9na z odsava\u010d\u016f par v kuchyni (digesto\u0159\u00ed). Mastnota vytv\u00e1\u0159\u00ed spolu s prachem ho\u0159lavou sm\u011bs, a vytvo\u0159\u00ed-li se j\u00ed dostate\u010dn\u011b siln\u00e1 vrstva, sta\u010d\u00ed jen zv\u00fd\u0161en\u00e1 teplota p\u0159i ods\u00e1v\u00e1n\u00ed p\u00e1ry z digesto\u0159e, kter\u00e1 ji v neo\u010dek\u00e1van\u00e9m okam\u017eiku zap\u00e1l\u00ed. U velmi siln\u00fdch vrstev, nap\u0159. tam, kde se vzduchotechnika ne\u010dist\u00ed des\u00edtky let, m\u016f\u017ee doj\u00edt a\u017e k v\u00fdbuchu prachu, a tehdy mohou b\u00fdt \u0161kody nedoz\u00edrn\u00e9 a mohou b\u00fdt v ohro\u017een\u00ed i lidsk\u00e9 \u017eivoty.Pl\u00edsn\u011b \u2013 \u010di\u0161t\u011bn\u00ed vzduchotechniky https:\/\/www.taurisplus.cz\/produkty-sluzby\/cisteni-a-dezinfekce-potrubi-vzduchotechniky\/ zabra\u0148uje i kontaminaci pl\u00edsn\u011bmi. Samy o sob\u011b pl\u00edsn\u011b uvnit\u0159 klimatiza\u010dn\u00edch rozvod\u016f nikoho neohroz\u00ed, jen\u017ee tyto organismy kolem sebe \u0161\u00ed\u0159\u00ed tzv. spory, jimi\u017e se rozmno\u017euj\u00ed, a spory jsou velmi agresivn\u00ed a toxick\u00e9. Nadm\u011brn\u00e9 vdechov\u00e1n\u00ed spor m\u016f\u017ee v\u00fdrazn\u011b po\u0161kodit j\u00e1tra a ledviny, tak pro\u010d tedy postupovat toto riziko, kter\u00e9 je naprosto zbyte\u010dn\u00e9, a jemu\u017e lze velmi efektivn\u011b a jednodu\u0161e p\u0159edej\u00edt?                                                                                                                                                                                                                                                                                                                                                                                          4.3\/5 - (9 votes)        "},{"@context":"https:\/\/schema.org\/","@type":"BreadcrumbList","itemListElement":[{"@type":"ListItem","position":1,"name":"Pro\u010d m\u00e1 v\u00fdznam \u010distit vzduchotechniku","item":"https:\/\/www.zenya.cz\/proc-ma-vyznam-cistit-vzduchotechniku\/#breadcrumbitem"}]}]