[{"@context":"https:\/\/schema.org\/","@type":"Article","@id":"https:\/\/www.zenya.cz\/prirodni-pletove-masky-a-vlasova-vyziva\/#Article","mainEntityOfPage":"https:\/\/www.zenya.cz\/prirodni-pletove-masky-a-vlasova-vyziva\/","headline":"P\u0159\u00edrodn\u00ed ple\u0165ov\u00e9 masky a vlasov\u00e1 v\u00fd\u017eiva","name":"P\u0159\u00edrodn\u00ed ple\u0165ov\u00e9 masky a vlasov\u00e1 v\u00fd\u017eiva","description":"Kdy\u017e jsme mlad\u00e9, ne\u0159e\u0161\u00edme vr\u00e1sky. Ale jednou p\u0159ijde \u010das, kdy zjist\u00edme, \u017ee se o svou ple\u0165 mus\u00edme v\u00edce a v\u00edce starat. Nesta\u010d\u00ed jedenkr\u00e1t v\u00a0m\u011bs\u00edci zaj\u00edt na kosmetick\u00e9 o\u0161et\u0159en\u00ed. Je to jist\u011b chv\u00e1lyhodn\u00e9, ale m\u011bly bychom se svou kosmeti\u010dkou spolupracovat a o svou ple\u0165 se v\u00a0mezidob\u00ed, ne\u017e zajdeme na dal\u0161\u00ed o\u0161et\u0159en\u00ed, postarat. Kr\u00e9my v\u011bt\u0161inou m\u00e1me nakoupen\u00e9...","datePublished":"2019-05-07","dateModified":"2023-04-29","author":{"@type":"Person","@id":"https:\/\/www.zenya.cz\/author\/#Person","name":"","url":"https:\/\/www.zenya.cz\/author\/","identifier":1,"image":{"@type":"ImageObject","@id":"https:\/\/secure.gravatar.com\/avatar\/95e04d59dbd953edbb4078d954ab72cca879b754151ff5a1a9844caae0615e95?s=96&d=mm&r=g","url":"https:\/\/secure.gravatar.com\/avatar\/95e04d59dbd953edbb4078d954ab72cca879b754151ff5a1a9844caae0615e95?s=96&d=mm&r=g","height":96,"width":96}},"publisher":{"@type":"Organization","name":"zenya.cz","logo":{"@type":"ImageObject","@id":"\/logo.png","url":"\/logo.png","width":600,"height":60}},"image":{"@type":"ImageObject","@id":"https:\/\/www.zenya.cz\/wp-content\/uploads\/img_a344734_w2278_t1558553342.jpg","url":"https:\/\/www.zenya.cz\/wp-content\/uploads\/img_a344734_w2278_t1558553342.jpg","height":0,"width":0},"url":"https:\/\/www.zenya.cz\/prirodni-pletove-masky-a-vlasova-vyziva\/","wordCount":270,"articleBody":"Kdy\u017e jsme mlad\u00e9, ne\u0159e\u0161\u00edme vr\u00e1sky. Ale jednou p\u0159ijde \u010das, kdy zjist\u00edme, \u017ee se o svou ple\u0165 mus\u00edme v\u00edce a v\u00edce starat. Nesta\u010d\u00ed jedenkr\u00e1t v\u00a0m\u011bs\u00edci zaj\u00edt na kosmetick\u00e9 o\u0161et\u0159en\u00ed. Je to jist\u011b chv\u00e1lyhodn\u00e9, ale m\u011bly bychom se svou kosmeti\u010dkou spolupracovat a o svou ple\u0165 se v\u00a0mezidob\u00ed, ne\u017e zajdeme na dal\u0161\u00ed o\u0161et\u0159en\u00ed, postarat. Kr\u00e9my v\u011bt\u0161inou m\u00e1me nakoupen\u00e9 a a\u0165 chceme \u010di nechceme, p\u0159ece jen n\u011bjak\u00e9 konzervanty obsahuj\u00ed. Jinak by se vlastn\u011b kazily.Ale my si m\u016f\u017eeme dop\u0159\u00e1t i \u010dist\u00e9 zdrav\u00ed z\u00a0\u010dist\u00e9 p\u0159\u00edrody. Je pot\u0159eba si vyhradit \u010das sama na sebe a nakoupit \u010derstv\u00e9 ovoce, smetanu, vejce, kokosov\u00fd olej, p\u0159\u00edrodn\u00ed b\u00edl\u00fd &#8211; nejl\u00e9pe bio jogurt a m\u016f\u017eeme za\u010d\u00edt \u010darovat.Vejce doporu\u010duji dom\u00e1c\u00ed, daj\u00ed se sehnat zpravidla na vesnici nebo rozho\u010fte s\u00edt\u011b s\u00a0dotazem u kamar\u00e1dek. Mo\u017en\u00e1 u\u017e n\u011bkter\u00e1 z\u00a0nich m\u00e1 sv\u00e9ho dvorn\u00edho dodavatele! Ovoci v\u011b\u0159\u00edm jen v\u00a0bio kvalit\u011b. Jsem p\u0159esv\u011bd\u010dena, \u017ee si to m\u00e1 ple\u0165 zaslou\u017e\u00ed.Nejlep\u0161\u00ed bude voln\u00fd den, kdy jste sama doma. Pus\u0165te si relaxa\u010dn\u00ed hudbu, zapalte sv\u00ed\u010dky, do aroma lampy nakapejte olej, na kter\u00fd m\u00e1te zrovna n\u00e1ladu. Vezm\u011bte si na sebe va\u0161e obl\u00edben\u00e9 pohodln\u00e9 oble\u010den\u00ed, p\u0159ipravte si lehk\u00e9 ob\u010derstven\u00ed a uva\u0159te si podle va\u0161\u00ed chut\u011b dobrou vo\u0148avou k\u00e1vu nebo \u010daj, p\u0159\u00edpadn\u011b dejte chladit lahev va\u0161eho obl\u00edben\u00e9ho pit\u00ed.A \u010darujte                                                                                                                                                                                                                                                                                                                                                                                         3.8\/5 - (5 votes)        "},{"@context":"https:\/\/schema.org\/","@type":"BreadcrumbList","itemListElement":[{"@type":"ListItem","position":1,"name":"P\u0159\u00edrodn\u00ed ple\u0165ov\u00e9 masky a vlasov\u00e1 v\u00fd\u017eiva","item":"https:\/\/www.zenya.cz\/prirodni-pletove-masky-a-vlasova-vyziva\/#breadcrumbitem"}]}]