[{"@context":"https:\/\/schema.org\/","@type":"Article","@id":"https:\/\/www.zenya.cz\/prijdte-vyuzit-nasich-sluzeb\/#Article","mainEntityOfPage":"https:\/\/www.zenya.cz\/prijdte-vyuzit-nasich-sluzeb\/","headline":"P\u0159ij\u010fte vyu\u017e\u00edt na\u0161ich slu\u017eeb","name":"P\u0159ij\u010fte vyu\u017e\u00edt na\u0161ich slu\u017eeb","description":"Na\u0161e mobiln\u00ed domy jsou tady pro ty z v\u00e1s, kte\u0159\u00ed sh\u00e1n\u00edte kvalitn\u00ed bydlen\u00ed. P\u0159ije\u010fte k n\u00e1m se s nimi sezn\u00e1mit. Potom uvid\u00edte, zda spl\u0148uj\u00ed v\u0161echny va\u0161e n\u00e1ro\u010dn\u00e9 po\u017eadavky. Pokud ano, m\u016f\u017eete uva\u017eovat o jejich zakoupen\u00ed. Uvid\u00edte, \u017ee jsou b\u00e1je\u010dn\u00e9. Brzy se m\u016f\u017ee splnit v\u00e1\u0161 sen, p\u0159est\u011bhovat se do vlastn\u00edho a z\u00edskat dostatek soukrom\u00ed. Tak nev\u00e1hejte...","datePublished":"2025-02-05","dateModified":"2025-02-05","author":{"@type":"Person","@id":"https:\/\/www.zenya.cz\/author\/#Person","name":"","url":"https:\/\/www.zenya.cz\/author\/","identifier":1,"image":{"@type":"ImageObject","@id":"https:\/\/secure.gravatar.com\/avatar\/95e04d59dbd953edbb4078d954ab72cca879b754151ff5a1a9844caae0615e95?s=96&d=mm&r=g","url":"https:\/\/secure.gravatar.com\/avatar\/95e04d59dbd953edbb4078d954ab72cca879b754151ff5a1a9844caae0615e95?s=96&d=mm&r=g","height":96,"width":96}},"publisher":{"@type":"Organization","name":"zenya.cz","logo":{"@type":"ImageObject","@id":"\/logo.png","url":"\/logo.png","width":600,"height":60}},"url":"https:\/\/www.zenya.cz\/prijdte-vyuzit-nasich-sluzeb\/","wordCount":186,"articleBody":"Na\u0161e mobiln\u00ed domy jsou tady pro ty z v\u00e1s, kte\u0159\u00ed sh\u00e1n\u00edte kvalitn\u00ed bydlen\u00ed. P\u0159ije\u010fte k n\u00e1m se s nimi sezn\u00e1mit. Potom uvid\u00edte, zda spl\u0148uj\u00ed v\u0161echny va\u0161e n\u00e1ro\u010dn\u00e9 po\u017eadavky. Pokud ano, m\u016f\u017eete uva\u017eovat o jejich zakoupen\u00ed. Uvid\u00edte, \u017ee jsou b\u00e1je\u010dn\u00e9. Brzy se m\u016f\u017ee splnit v\u00e1\u0161 sen, p\u0159est\u011bhovat se do vlastn\u00edho a z\u00edskat dostatek soukrom\u00ed. Tak nev\u00e1hejte a zami\u0159te rovnou k n\u00e1m. M\u016f\u017eete si p\u0159estav\u011bt nebo upravit kom\u00ednovou soustavu Oznamujeme v\u0161em na\u0161im z\u00e1kazn\u00edk\u016fm, \u017ee s n\u00e1mi mohou z\u00edskat jedine\u010dn\u00e9 a plnohodnotn\u00e9 bydlen\u00ed. Oslovte n\u00e1s a p\u0159ij\u010fte za n\u00e1mi. \u010cekaj\u00ed na v\u00e1s na\u0161e mobiln\u00ed domy. Nov\u00e9 jsou ur\u010deny k trval\u00e9mu u\u017e\u00edv\u00e1n\u00ed, star\u0161\u00ed bazarov\u00e9 vyu\u017eij\u00ed ti, kte\u0159\u00ed cht\u011bj\u00ed chatku na sv\u00e9 zahr\u00e1dce. Tam velmi dob\u0159e spln\u00ed sv\u016fj \u00fa\u010del. Budeme r\u00e1di, kdy\u017e se pro n\u011b rozhodnete. T\u011b\u0161\u00edme se na spolupr\u00e1ci s v\u00e1mi.                                                                                                                                                                                                                                                                                                                                                                                                "},{"@context":"https:\/\/schema.org\/","@type":"BreadcrumbList","itemListElement":[{"@type":"ListItem","position":1,"name":"P\u0159ij\u010fte vyu\u017e\u00edt na\u0161ich slu\u017eeb","item":"https:\/\/www.zenya.cz\/prijdte-vyuzit-nasich-sluzeb\/#breadcrumbitem"}]}]