[{"@context":"https:\/\/schema.org\/","@type":"Article","@id":"https:\/\/www.zenya.cz\/pepina-si-umi-uzit-kazdy-den\/#Article","mainEntityOfPage":"https:\/\/www.zenya.cz\/pepina-si-umi-uzit-kazdy-den\/","headline":"Pepina si um\u00ed u\u017e\u00edt ka\u017ed\u00fd den","name":"Pepina si um\u00ed u\u017e\u00edt ka\u017ed\u00fd den","description":"Pokud m\u00e1te r\u00e1di kreslen\u00e9 poh\u00e1dky v\u0161eho druhu, tuto byste si nem\u011bli nechat uj\u00edt. Pras\u00e1tko Pepina poh\u00e1dky si mus\u00ed obl\u00edbit ka\u017ed\u00fd, kdo u\u017e m\u00e1 dost uk\u0159i\u010den\u00fdch neust\u00e1le bojuj\u00edc\u00edch animovan\u00fdch postavi\u010dek. Kr\u00e1tk\u00e9 cca p\u011btiminutov\u00e9 epizody si u\u017eij\u00ed i nejmlad\u0161\u00ed d\u011bti, uvid\u00ed v nich pa\u0161\u00edky i jin\u00e1 vesel\u00e1 zv\u00ed\u0159\u00e1tka v situac\u00edch, do kter\u00fdch se sami dost\u00e1vaj\u00ed \u2013 jdou...","datePublished":"2023-11-21","dateModified":"2023-11-21","author":{"@type":"Person","@id":"https:\/\/www.zenya.cz\/author\/#Person","name":"","url":"https:\/\/www.zenya.cz\/author\/","identifier":1,"image":{"@type":"ImageObject","@id":"https:\/\/secure.gravatar.com\/avatar\/95e04d59dbd953edbb4078d954ab72cca879b754151ff5a1a9844caae0615e95?s=96&d=mm&r=g","url":"https:\/\/secure.gravatar.com\/avatar\/95e04d59dbd953edbb4078d954ab72cca879b754151ff5a1a9844caae0615e95?s=96&d=mm&r=g","height":96,"width":96}},"publisher":{"@type":"Organization","name":"zenya.cz","logo":{"@type":"ImageObject","@id":"\/logo.png","url":"\/logo.png","width":600,"height":60}},"url":"https:\/\/www.zenya.cz\/pepina-si-umi-uzit-kazdy-den\/","wordCount":251,"articleBody":"Pokud m\u00e1te r\u00e1di kreslen\u00e9 poh\u00e1dky v\u0161eho druhu, tuto byste si nem\u011bli nechat uj\u00edt. Pras\u00e1tko Pepina poh\u00e1dky si mus\u00ed obl\u00edbit ka\u017ed\u00fd, kdo u\u017e m\u00e1 dost uk\u0159i\u010den\u00fdch neust\u00e1le bojuj\u00edc\u00edch animovan\u00fdch postavi\u010dek. Kr\u00e1tk\u00e9 cca p\u011btiminutov\u00e9 epizody si u\u017eij\u00ed i nejmlad\u0161\u00ed d\u011bti, uvid\u00ed v nich pa\u0161\u00edky i jin\u00e1 vesel\u00e1 zv\u00ed\u0159\u00e1tka v situac\u00edch, do kter\u00fdch se sami dost\u00e1vaj\u00ed \u2013 jdou s tat\u00ednkem na n\u00e1kup, pom\u00e1haj\u00ed d\u011bde\u010dkovi na zahr\u00e1dce, u\u010d\u00ed se jezdit na kole nebo bruslit. Spolu se sv\u00fdmi kamar\u00e1dy za\u017e\u00edvaj\u00ed b\u011b\u017en\u00e1 dobrodru\u017estv\u00ed v\u0161edn\u00edho dne a u\u010d\u00ed se samostatnosti. U\u017eijete si s nimi spoustu z\u00e1bavy!Ve v\u0161edn\u00ed den i ve sv\u00e1tekMal\u00ed pa\u0161\u00edci a jejich kamar\u00e1di si dok\u00e1\u017e\u00ed ka\u017ed\u00fd den u\u017e\u00edt trochu radosti a sta\u010d\u00ed jim k tomu m\u00e1lo, p\u0159esn\u011b jako d\u011btem. Sta\u010d\u00ed pap\u00edrov\u00fd drak, bublifuk, n\u00e1v\u0161t\u011bva h\u0159i\u0161t\u011b nebo prost\u011b pozv\u00e1n\u00ed kamar\u00e1d\u016f dom\u016f v de\u0161tiv\u00e9m dni. Jsou jako opravdov\u00e1 rodina, slav\u00ed narozeniny a dokonce p\u0159ipravuj\u00ed V\u00e1noce, b\u011bhem kter\u00fdch jim d\u00e1rky p\u0159in\u00e1\u0161\u00ed skute\u010dn\u00fd Santa Claus v pytli na z\u00e1dech. Zv\u00ed\u0159\u00e1tka si ve v\u0161ech situac\u00edch porad\u00ed, v\u0161e prob\u00edh\u00e1, jak m\u00e1 a v\u0161ichni se mohou vesele sm\u00e1t, jak d\u011bti, tak dosp\u011bl\u00ed.                                                                                                                                                                                                                                                                                                                                                                                        4.3\/5 - (11 votes)        "},{"@context":"https:\/\/schema.org\/","@type":"BreadcrumbList","itemListElement":[{"@type":"ListItem","position":1,"name":"Pepina si um\u00ed u\u017e\u00edt ka\u017ed\u00fd den","item":"https:\/\/www.zenya.cz\/pepina-si-umi-uzit-kazdy-den\/#breadcrumbitem"}]}]