[{"@context":"https:\/\/schema.org\/","@type":"Article","@id":"https:\/\/www.zenya.cz\/patrova-postel-je-moderni-reseni-pro-deti\/#Article","mainEntityOfPage":"https:\/\/www.zenya.cz\/patrova-postel-je-moderni-reseni-pro-deti\/","headline":"Patrov\u00e1 postel je modern\u00ed \u0159e\u0161en\u00ed pro d\u011bti","name":"Patrov\u00e1 postel je modern\u00ed \u0159e\u0161en\u00ed pro d\u011bti","description":"Designov\u00e1 kvalitn\u00ed patrov\u00e1 postel m\u016f\u017ee b\u00fdt i v d\u011btsk\u00e9m pokoj\u00ed\u010dku ve va\u0161em byt\u011b. Sta\u010d\u00ed pro to ud\u011blat jedinou v\u011bc &#8211; tuto konkr\u00e9tn\u00ed postel objednat. V\u00edte, v jak\u00fdch barv\u00e1ch je nab\u00edz\u00edme? Jsou to barvy klasick\u00e9, jako je ol\u0161e, ale pak tak\u00e9 netradi\u010dn\u00ed, jako jsou zelen\u00e1, \u017elut\u00e1, pomeran\u010dov\u00e1 nebo i b\u00edl\u00e1. Mysl\u00edme, \u017ee z t\u00e9to nab\u00eddky si...","datePublished":"2025-01-29","dateModified":"2025-01-29","author":{"@type":"Person","@id":"https:\/\/www.zenya.cz\/author\/#Person","name":"","url":"https:\/\/www.zenya.cz\/author\/","identifier":1,"image":{"@type":"ImageObject","@id":"https:\/\/secure.gravatar.com\/avatar\/95e04d59dbd953edbb4078d954ab72cca879b754151ff5a1a9844caae0615e95?s=96&d=mm&r=g","url":"https:\/\/secure.gravatar.com\/avatar\/95e04d59dbd953edbb4078d954ab72cca879b754151ff5a1a9844caae0615e95?s=96&d=mm&r=g","height":96,"width":96}},"publisher":{"@type":"Organization","name":"zenya.cz","logo":{"@type":"ImageObject","@id":"\/logo.png","url":"\/logo.png","width":600,"height":60}},"url":"https:\/\/www.zenya.cz\/patrova-postel-je-moderni-reseni-pro-deti\/","wordCount":188,"articleBody":"Designov\u00e1 kvalitn\u00ed patrov\u00e1 postel m\u016f\u017ee b\u00fdt i v d\u011btsk\u00e9m pokoj\u00ed\u010dku ve va\u0161em byt\u011b. Sta\u010d\u00ed pro to ud\u011blat jedinou v\u011bc &#8211; tuto konkr\u00e9tn\u00ed postel objednat. V\u00edte, v jak\u00fdch barv\u00e1ch je nab\u00edz\u00edme? Jsou to barvy klasick\u00e9, jako je ol\u0161e, ale pak tak\u00e9 netradi\u010dn\u00ed, jako jsou zelen\u00e1, \u017elut\u00e1, pomeran\u010dov\u00e1 nebo i b\u00edl\u00e1. Mysl\u00edme, \u017ee z t\u00e9to nab\u00eddky si vybere ka\u017ed\u00fd.Mysl\u00edme si, \u017ee designov\u00e9 v\u011bci jsou kr\u00e1sn\u00e9, ale ne ka\u017ed\u00e9mu k interi\u00e9ru lad\u00ed. Stejn\u011b tak i kvalitn\u00ed patrov\u00e1 postel. Mus\u00ed b\u00fdt vybr\u00e1na tak, aby co nejv\u00edc dopl\u0148ovala m\u00edsto, kam bude um\u00edst\u011bn\u00e1. Mysl\u00edte si, \u017ee si nem\u016f\u017eete vybrat? To je docela mo\u017en\u00e9, proto\u017ee na\u0161e nab\u00eddka je opravdu \u0161irok\u00e1. Shl\u00e9dn\u011bte ji i vy, zamilujete se do t\u011bchto paland.Zelen\u00e1 je inBoj\u00edte se zelen\u00e9 barvy d\u011btsk\u00e9 palandy? Nen\u00ed na n\u00ed nic \u0161patn\u00e9ho, jsme r\u00e1di, \u017ee se v\u00e1m tato kvalitn\u00ed patrov\u00e1 postel l\u00edb\u00ed.                                                                                                                                                                                                                                                                                                                                                                                        2.5\/5 - (2 votes)        "},{"@context":"https:\/\/schema.org\/","@type":"BreadcrumbList","itemListElement":[{"@type":"ListItem","position":1,"name":"Patrov\u00e1 postel je modern\u00ed \u0159e\u0161en\u00ed pro d\u011bti","item":"https:\/\/www.zenya.cz\/patrova-postel-je-moderni-reseni-pro-deti\/#breadcrumbitem"}]}]