[{"@context":"https:\/\/schema.org\/","@type":"Blog","@id":"https:\/\/www.zenya.cz#Blog","headline":"Zenya","description":"\nI kdybyste si to ve sv\u00e9m \u017eivot\u011b p\u011bkn\u011b zava\u0159ili a leckde v\u00e1s za to dusili ve vlastn\u00ed \u0161\u0165\u00e1v\u011b, zaru\u010dujeme v\u00e1m, \u017ee v\u00e1s na na\u0161em webu v \u017e\u00e1dn\u00e9m p\u0159\u00edpad\u011b nevype\u010deme.","url":"https:\/\/www.zenya.cz","hasPart":[{"@type":"Article","@id":"https:\/\/www.zenya.cz\/muzi-na-materske\/","headline":"Mu\u017ei na mate\u0159sk\u00e9","url":"https:\/\/www.zenya.cz\/muzi-na-materske\/","datePublished":"2025-03-04","dateModified":"2023-04-29","mainEntityOfPage":"https:\/\/www.zenya.cz\/muzi-na-materske\/","author":{"@type":"Person","@id":"https:\/\/www.zenya.cz\/author\/#Person","name":"","url":"https:\/\/www.zenya.cz\/author\/","identifier":1,"image":{"@type":"ImageObject","@id":"https:\/\/secure.gravatar.com\/avatar\/95e04d59dbd953edbb4078d954ab72cca879b754151ff5a1a9844caae0615e95?s=96&d=mm&r=g","url":"https:\/\/secure.gravatar.com\/avatar\/95e04d59dbd953edbb4078d954ab72cca879b754151ff5a1a9844caae0615e95?s=96&d=mm&r=g","height":96,"width":96}},"publisher":{"@type":"Organization","name":"zenya.cz","logo":{"@type":"ImageObject","@id":"\/logo.png","url":"\/logo.png","width":600,"height":60}},"image":{"@type":"ImageObject","@id":"https:\/\/www.zenya.cz\/wp-content\/uploads\/img_a288845_w2049_t1499890425.jpg","url":"https:\/\/www.zenya.cz\/wp-content\/uploads\/img_a288845_w2049_t1499890425.jpg","height":0,"width":0},"wordCount":539,"keywords":null},{"@type":"Article","@id":"https:\/\/www.zenya.cz\/mlada-generace-se-zadluzuje-jiz-na-prahu-dospelosti\/","headline":"Mlad\u00e1 generace se zadlu\u017euje ji\u017e na prahu dosp\u011blosti","url":"https:\/\/www.zenya.cz\/mlada-generace-se-zadluzuje-jiz-na-prahu-dospelosti\/","datePublished":"2025-03-03","dateModified":"2023-04-29","mainEntityOfPage":"https:\/\/www.zenya.cz\/mlada-generace-se-zadluzuje-jiz-na-prahu-dospelosti\/","author":{"@type":"Person","@id":"https:\/\/www.zenya.cz\/author\/#Person","name":"","url":"https:\/\/www.zenya.cz\/author\/","identifier":1,"image":{"@type":"ImageObject","@id":"https:\/\/secure.gravatar.com\/avatar\/95e04d59dbd953edbb4078d954ab72cca879b754151ff5a1a9844caae0615e95?s=96&d=mm&r=g","url":"https:\/\/secure.gravatar.com\/avatar\/95e04d59dbd953edbb4078d954ab72cca879b754151ff5a1a9844caae0615e95?s=96&d=mm&r=g","height":96,"width":96}},"publisher":{"@type":"Organization","name":"zenya.cz","logo":{"@type":"ImageObject","@id":"\/logo.png","url":"\/logo.png","width":600,"height":60}},"image":{"@type":"ImageObject","@id":"https:\/\/www.zenya.cz\/wp-content\/uploads\/img_a299664_w2050_t1509608775.jpg","url":"https:\/\/www.zenya.cz\/wp-content\/uploads\/img_a299664_w2050_t1509608775.jpg","height":0,"width":0},"wordCount":639,"keywords":null},{"@type":"Article","@id":"https:\/\/www.zenya.cz\/usporny-zdroj-svetla\/","headline":"\u00dasporn\u00fd zdroj sv\u011btla","url":"https:\/\/www.zenya.cz\/usporny-zdroj-svetla\/","datePublished":"2025-03-03","dateModified":"2025-03-03","mainEntityOfPage":"https:\/\/www.zenya.cz\/usporny-zdroj-svetla\/","author":{"@type":"Person","@id":"https:\/\/www.zenya.cz\/author\/#Person","name":"","url":"https:\/\/www.zenya.cz\/author\/","identifier":1,"image":{"@type":"ImageObject","@id":"https:\/\/secure.gravatar.com\/avatar\/95e04d59dbd953edbb4078d954ab72cca879b754151ff5a1a9844caae0615e95?s=96&d=mm&r=g","url":"https:\/\/secure.gravatar.com\/avatar\/95e04d59dbd953edbb4078d954ab72cca879b754151ff5a1a9844caae0615e95?s=96&d=mm&r=g","height":96,"width":96}},"publisher":{"@type":"Organization","name":"zenya.cz","logo":{"@type":"ImageObject","@id":"\/logo.png","url":"\/logo.png","width":600,"height":60}},"image":null,"wordCount":213,"keywords":null},{"@type":"Article","@id":"https:\/\/www.zenya.cz\/dve-a-vice-zen\/","headline":"Dv\u011b a v\u00edce \u017een","url":"https:\/\/www.zenya.cz\/dve-a-vice-zen\/","datePublished":"2025-03-02","dateModified":"2023-04-29","mainEntityOfPage":"https:\/\/www.zenya.cz\/dve-a-vice-zen\/","author":{"@type":"Person","@id":"https:\/\/www.zenya.cz\/author\/#Person","name":"","url":"https:\/\/www.zenya.cz\/author\/","identifier":1,"image":{"@type":"ImageObject","@id":"https:\/\/secure.gravatar.com\/avatar\/95e04d59dbd953edbb4078d954ab72cca879b754151ff5a1a9844caae0615e95?s=96&d=mm&r=g","url":"https:\/\/secure.gravatar.com\/avatar\/95e04d59dbd953edbb4078d954ab72cca879b754151ff5a1a9844caae0615e95?s=96&d=mm&r=g","height":96,"width":96}},"publisher":{"@type":"Organization","name":"zenya.cz","logo":{"@type":"ImageObject","@id":"\/logo.png","url":"\/logo.png","width":600,"height":60}},"image":{"@type":"ImageObject","@id":"https:\/\/www.zenya.cz\/wp-content\/uploads\/img_a307578_w1975_t1518813042.jpg","url":"https:\/\/www.zenya.cz\/wp-content\/uploads\/img_a307578_w1975_t1518813042.jpg","height":0,"width":0},"wordCount":512,"keywords":null},{"@type":"Article","@id":"https:\/\/www.zenya.cz\/moringa-strom-zivota\/","headline":"Moringa-strom \u017eivota","url":"https:\/\/www.zenya.cz\/moringa-strom-zivota\/","datePublished":"2025-03-02","dateModified":"2023-04-29","mainEntityOfPage":"https:\/\/www.zenya.cz\/moringa-strom-zivota\/","author":{"@type":"Person","@id":"https:\/\/www.zenya.cz\/author\/#Person","name":"","url":"https:\/\/www.zenya.cz\/author\/","identifier":1,"image":{"@type":"ImageObject","@id":"https:\/\/secure.gravatar.com\/avatar\/95e04d59dbd953edbb4078d954ab72cca879b754151ff5a1a9844caae0615e95?s=96&d=mm&r=g","url":"https:\/\/secure.gravatar.com\/avatar\/95e04d59dbd953edbb4078d954ab72cca879b754151ff5a1a9844caae0615e95?s=96&d=mm&r=g","height":96,"width":96}},"publisher":{"@type":"Organization","name":"zenya.cz","logo":{"@type":"ImageObject","@id":"\/logo.png","url":"\/logo.png","width":600,"height":60}},"image":{"@type":"ImageObject","@id":"https:\/\/www.zenya.cz\/wp-content\/uploads\/img_a292491_w2257_t1504901719.jpg","url":"https:\/\/www.zenya.cz\/wp-content\/uploads\/img_a292491_w2257_t1504901719.jpg","height":0,"width":0},"wordCount":528,"keywords":null},{"@type":"Article","@id":"https:\/\/www.zenya.cz\/je-vas-automobil-v-hroznem-ve-stavu\/","headline":"Je v\u00e1\u0161 automobil v hrozn\u00e9m ve stavu?","url":"https:\/\/www.zenya.cz\/je-vas-automobil-v-hroznem-ve-stavu\/","datePublished":"2025-02-22","dateModified":"2025-02-22","mainEntityOfPage":"https:\/\/www.zenya.cz\/je-vas-automobil-v-hroznem-ve-stavu\/","author":{"@type":"Person","@id":"https:\/\/www.zenya.cz\/author\/#Person","name":"","url":"https:\/\/www.zenya.cz\/author\/","identifier":1,"image":{"@type":"ImageObject","@id":"https:\/\/secure.gravatar.com\/avatar\/95e04d59dbd953edbb4078d954ab72cca879b754151ff5a1a9844caae0615e95?s=96&d=mm&r=g","url":"https:\/\/secure.gravatar.com\/avatar\/95e04d59dbd953edbb4078d954ab72cca879b754151ff5a1a9844caae0615e95?s=96&d=mm&r=g","height":96,"width":96}},"publisher":{"@type":"Organization","name":"zenya.cz","logo":{"@type":"ImageObject","@id":"\/logo.png","url":"\/logo.png","width":600,"height":60}},"image":null,"wordCount":277,"keywords":null},{"@type":"Article","@id":"https:\/\/www.zenya.cz\/krasne-a-dlouhe-drive-nez-je-to-realne\/","headline":"Kr\u00e1sn\u00e9 a dlouh\u00e9 d\u0159\u00edve, ne\u017e je to re\u00e1ln\u00e9","url":"https:\/\/www.zenya.cz\/krasne-a-dlouhe-drive-nez-je-to-realne\/","datePublished":"2025-02-17","dateModified":"2025-02-17","mainEntityOfPage":"https:\/\/www.zenya.cz\/krasne-a-dlouhe-drive-nez-je-to-realne\/","author":{"@type":"Person","@id":"https:\/\/www.zenya.cz\/author\/#Person","name":"","url":"https:\/\/www.zenya.cz\/author\/","identifier":1,"image":{"@type":"ImageObject","@id":"https:\/\/secure.gravatar.com\/avatar\/95e04d59dbd953edbb4078d954ab72cca879b754151ff5a1a9844caae0615e95?s=96&d=mm&r=g","url":"https:\/\/secure.gravatar.com\/avatar\/95e04d59dbd953edbb4078d954ab72cca879b754151ff5a1a9844caae0615e95?s=96&d=mm&r=g","height":96,"width":96}},"publisher":{"@type":"Organization","name":"zenya.cz","logo":{"@type":"ImageObject","@id":"\/logo.png","url":"\/logo.png","width":600,"height":60}},"image":null,"wordCount":223,"keywords":null},{"@type":"Article","@id":"https:\/\/www.zenya.cz\/prijdte-vyuzit-nasich-sluzeb\/","headline":"P\u0159ij\u010fte vyu\u017e\u00edt na\u0161ich slu\u017eeb","url":"https:\/\/www.zenya.cz\/prijdte-vyuzit-nasich-sluzeb\/","datePublished":"2025-02-05","dateModified":"2025-02-05","mainEntityOfPage":"https:\/\/www.zenya.cz\/prijdte-vyuzit-nasich-sluzeb\/","author":{"@type":"Person","@id":"https:\/\/www.zenya.cz\/author\/#Person","name":"","url":"https:\/\/www.zenya.cz\/author\/","identifier":1,"image":{"@type":"ImageObject","@id":"https:\/\/secure.gravatar.com\/avatar\/95e04d59dbd953edbb4078d954ab72cca879b754151ff5a1a9844caae0615e95?s=96&d=mm&r=g","url":"https:\/\/secure.gravatar.com\/avatar\/95e04d59dbd953edbb4078d954ab72cca879b754151ff5a1a9844caae0615e95?s=96&d=mm&r=g","height":96,"width":96}},"publisher":{"@type":"Organization","name":"zenya.cz","logo":{"@type":"ImageObject","@id":"\/logo.png","url":"\/logo.png","width":600,"height":60}},"image":null,"wordCount":234,"keywords":null},{"@type":"Article","@id":"https:\/\/www.zenya.cz\/patrova-postel-je-moderni-reseni-pro-deti\/","headline":"Patrov\u00e1 postel je modern\u00ed \u0159e\u0161en\u00ed pro d\u011bti","url":"https:\/\/www.zenya.cz\/patrova-postel-je-moderni-reseni-pro-deti\/","datePublished":"2025-01-29","dateModified":"2025-01-29","mainEntityOfPage":"https:\/\/www.zenya.cz\/patrova-postel-je-moderni-reseni-pro-deti\/","author":{"@type":"Person","@id":"https:\/\/www.zenya.cz\/author\/#Person","name":"","url":"https:\/\/www.zenya.cz\/author\/","identifier":1,"image":{"@type":"ImageObject","@id":"https:\/\/secure.gravatar.com\/avatar\/95e04d59dbd953edbb4078d954ab72cca879b754151ff5a1a9844caae0615e95?s=96&d=mm&r=g","url":"https:\/\/secure.gravatar.com\/avatar\/95e04d59dbd953edbb4078d954ab72cca879b754151ff5a1a9844caae0615e95?s=96&d=mm&r=g","height":96,"width":96}},"publisher":{"@type":"Organization","name":"zenya.cz","logo":{"@type":"ImageObject","@id":"\/logo.png","url":"\/logo.png","width":600,"height":60}},"image":null,"wordCount":236,"keywords":null},{"@type":"Article","@id":"https:\/\/www.zenya.cz\/automaticka-regulace-topeni-a-klimatizace\/","headline":"Automatick\u00e1 regulace topen\u00ed a klimatizace","url":"https:\/\/www.zenya.cz\/automaticka-regulace-topeni-a-klimatizace\/","datePublished":"2025-01-23","dateModified":"2025-01-23","mainEntityOfPage":"https:\/\/www.zenya.cz\/automaticka-regulace-topeni-a-klimatizace\/","author":{"@type":"Person","@id":"https:\/\/www.zenya.cz\/author\/#Person","name":"","url":"https:\/\/www.zenya.cz\/author\/","identifier":1,"image":{"@type":"ImageObject","@id":"https:\/\/secure.gravatar.com\/avatar\/95e04d59dbd953edbb4078d954ab72cca879b754151ff5a1a9844caae0615e95?s=96&d=mm&r=g","url":"https:\/\/secure.gravatar.com\/avatar\/95e04d59dbd953edbb4078d954ab72cca879b754151ff5a1a9844caae0615e95?s=96&d=mm&r=g","height":96,"width":96}},"publisher":{"@type":"Organization","name":"zenya.cz","logo":{"@type":"ImageObject","@id":"\/logo.png","url":"\/logo.png","width":600,"height":60}},"image":null,"wordCount":198,"keywords":null}]},{"@context":"https:\/\/schema.org","@type":"WebSite","@id":"https:\/\/www.zenya.cz\/#website","name":"Zenya","url":"https:\/\/www.zenya.cz","potentialAction":{"@type":"SearchAction","target":"https:\/\/www.zenya.cz\/?s={search_term_string}","query-input":"required name=search_term_string"}}]