[{"@context":"https:\/\/schema.org\/","@type":"Blog","@id":"https:\/\/www.zenya.cz#Blog","headline":"Zenya","description":"\nI kdybyste si to ve sv\u00e9m \u017eivot\u011b p\u011bkn\u011b zava\u0159ili a leckde v\u00e1s za to dusili ve vlastn\u00ed \u0161\u0165\u00e1v\u011b, zaru\u010dujeme v\u00e1m, \u017ee v\u00e1s na na\u0161em webu v \u017e\u00e1dn\u00e9m p\u0159\u00edpad\u011b nevype\u010deme.","url":"https:\/\/www.zenya.cz","hasPart":[{"@type":"Article","@id":"https:\/\/www.zenya.cz\/reklama-v-byznysu-pomaha\/","headline":"Reklama v byznysu pom\u00e1h\u00e1","url":"https:\/\/www.zenya.cz\/reklama-v-byznysu-pomaha\/","datePublished":"2019-12-07","dateModified":"2023-04-29","mainEntityOfPage":"https:\/\/www.zenya.cz\/reklama-v-byznysu-pomaha\/","author":{"@type":"Person","@id":"https:\/\/www.zenya.cz\/author\/#Person","name":"","url":"https:\/\/www.zenya.cz\/author\/","identifier":1,"image":{"@type":"ImageObject","@id":"https:\/\/secure.gravatar.com\/avatar\/95e04d59dbd953edbb4078d954ab72cca879b754151ff5a1a9844caae0615e95?s=96&d=mm&r=g","url":"https:\/\/secure.gravatar.com\/avatar\/95e04d59dbd953edbb4078d954ab72cca879b754151ff5a1a9844caae0615e95?s=96&d=mm&r=g","height":96,"width":96}},"publisher":{"@type":"Organization","name":"zenya.cz","logo":{"@type":"ImageObject","@id":"\/logo.png","url":"\/logo.png","width":600,"height":60}},"image":{"@type":"ImageObject","@id":"https:\/\/www.zenya.cz\/wp-content\/uploads\/img_a368694_w1961_t1580981877.jpg","url":"https:\/\/www.zenya.cz\/wp-content\/uploads\/img_a368694_w1961_t1580981877.jpg","height":0,"width":0},"wordCount":470,"keywords":null},{"@type":"Article","@id":"https:\/\/www.zenya.cz\/jak-zutulnit-detsky-pokoj\/","headline":"Jak z\u00fatulnit d\u011btsk\u00fd pokoj?","url":"https:\/\/www.zenya.cz\/jak-zutulnit-detsky-pokoj\/","datePublished":"2019-10-23","dateModified":"2023-04-29","mainEntityOfPage":"https:\/\/www.zenya.cz\/jak-zutulnit-detsky-pokoj\/","author":{"@type":"Person","@id":"https:\/\/www.zenya.cz\/author\/#Person","name":"","url":"https:\/\/www.zenya.cz\/author\/","identifier":1,"image":{"@type":"ImageObject","@id":"https:\/\/secure.gravatar.com\/avatar\/95e04d59dbd953edbb4078d954ab72cca879b754151ff5a1a9844caae0615e95?s=96&d=mm&r=g","url":"https:\/\/secure.gravatar.com\/avatar\/95e04d59dbd953edbb4078d954ab72cca879b754151ff5a1a9844caae0615e95?s=96&d=mm&r=g","height":96,"width":96}},"publisher":{"@type":"Organization","name":"zenya.cz","logo":{"@type":"ImageObject","@id":"\/logo.png","url":"\/logo.png","width":600,"height":60}},"image":{"@type":"ImageObject","@id":"https:\/\/www.zenya.cz\/wp-content\/uploads\/img_a358259_w3071_t1572508056.jpg","url":"https:\/\/www.zenya.cz\/wp-content\/uploads\/img_a358259_w3071_t1572508056.jpg","height":0,"width":0},"wordCount":521,"keywords":null},{"@type":"Article","@id":"https:\/\/www.zenya.cz\/ubytovani-lednice-skvele-zazemi-na-jizni-morave\/","headline":"Ubytov\u00e1n\u00ed Lednice \u2013 skv\u011bl\u00e9 z\u00e1zem\u00ed na ji\u017en\u00ed Morav\u011b","url":"https:\/\/www.zenya.cz\/ubytovani-lednice-skvele-zazemi-na-jizni-morave\/","datePublished":"2019-09-15","dateModified":"2024-03-25","mainEntityOfPage":"https:\/\/www.zenya.cz\/ubytovani-lednice-skvele-zazemi-na-jizni-morave\/","author":{"@type":"Person","@id":"https:\/\/www.zenya.cz\/author\/#Person","name":"","url":"https:\/\/www.zenya.cz\/author\/","identifier":1,"image":{"@type":"ImageObject","@id":"https:\/\/secure.gravatar.com\/avatar\/95e04d59dbd953edbb4078d954ab72cca879b754151ff5a1a9844caae0615e95?s=96&d=mm&r=g","url":"https:\/\/secure.gravatar.com\/avatar\/95e04d59dbd953edbb4078d954ab72cca879b754151ff5a1a9844caae0615e95?s=96&d=mm&r=g","height":96,"width":96}},"publisher":{"@type":"Organization","name":"zenya.cz","logo":{"@type":"ImageObject","@id":"\/logo.png","url":"\/logo.png","width":600,"height":60}},"image":{"@type":"ImageObject","@id":"https:\/\/www.zenya.cz\/wp-content\/uploads\/img_a348204_w1778_t1562671942.jpg","url":"https:\/\/www.zenya.cz\/wp-content\/uploads\/img_a348204_w1778_t1562671942.jpg","height":0,"width":0},"wordCount":526,"keywords":null},{"@type":"Article","@id":"https:\/\/www.zenya.cz\/vyreste-potrebne-penize-americkou-hypotekou\/","headline":"Vy\u0159e\u0161te pot\u0159ebn\u00e9 pen\u00edze americkou hypot\u00e9kou!","url":"https:\/\/www.zenya.cz\/vyreste-potrebne-penize-americkou-hypotekou\/","datePublished":"2019-09-13","dateModified":"2023-04-29","mainEntityOfPage":"https:\/\/www.zenya.cz\/vyreste-potrebne-penize-americkou-hypotekou\/","author":{"@type":"Person","@id":"https:\/\/www.zenya.cz\/author\/#Person","name":"","url":"https:\/\/www.zenya.cz\/author\/","identifier":1,"image":{"@type":"ImageObject","@id":"https:\/\/secure.gravatar.com\/avatar\/95e04d59dbd953edbb4078d954ab72cca879b754151ff5a1a9844caae0615e95?s=96&d=mm&r=g","url":"https:\/\/secure.gravatar.com\/avatar\/95e04d59dbd953edbb4078d954ab72cca879b754151ff5a1a9844caae0615e95?s=96&d=mm&r=g","height":96,"width":96}},"publisher":{"@type":"Organization","name":"zenya.cz","logo":{"@type":"ImageObject","@id":"\/logo.png","url":"\/logo.png","width":600,"height":60}},"image":{"@type":"ImageObject","@id":"https:\/\/www.zenya.cz\/wp-content\/uploads\/img_a346532_w1719_t1560856712.jpg","url":"https:\/\/www.zenya.cz\/wp-content\/uploads\/img_a346532_w1719_t1560856712.jpg","height":0,"width":0},"wordCount":566,"keywords":null},{"@type":"Article","@id":"https:\/\/www.zenya.cz\/tisku-je-zapotrebi\/","headline":"Tisku je zapot\u0159eb\u00ed","url":"https:\/\/www.zenya.cz\/tisku-je-zapotrebi\/","datePublished":"2019-09-13","dateModified":"2023-04-29","mainEntityOfPage":"https:\/\/www.zenya.cz\/tisku-je-zapotrebi\/","author":{"@type":"Person","@id":"https:\/\/www.zenya.cz\/author\/#Person","name":"","url":"https:\/\/www.zenya.cz\/author\/","identifier":1,"image":{"@type":"ImageObject","@id":"https:\/\/secure.gravatar.com\/avatar\/95e04d59dbd953edbb4078d954ab72cca879b754151ff5a1a9844caae0615e95?s=96&d=mm&r=g","url":"https:\/\/secure.gravatar.com\/avatar\/95e04d59dbd953edbb4078d954ab72cca879b754151ff5a1a9844caae0615e95?s=96&d=mm&r=g","height":96,"width":96}},"publisher":{"@type":"Organization","name":"zenya.cz","logo":{"@type":"ImageObject","@id":"\/logo.png","url":"\/logo.png","width":600,"height":60}},"image":{"@type":"ImageObject","@id":"https:\/\/www.zenya.cz\/wp-content\/uploads\/img_a366022_w2049_t1578588735.jpg","url":"https:\/\/www.zenya.cz\/wp-content\/uploads\/img_a366022_w2049_t1578588735.jpg","height":0,"width":0},"wordCount":560,"keywords":null},{"@type":"Article","@id":"https:\/\/www.zenya.cz\/zazimovani-neni-zadna-legrace\/","headline":"Zazimov\u00e1n\u00ed nen\u00ed \u017e\u00e1dn\u00e1 legrace","url":"https:\/\/www.zenya.cz\/zazimovani-neni-zadna-legrace\/","datePublished":"2019-09-13","dateModified":"2023-04-29","mainEntityOfPage":"https:\/\/www.zenya.cz\/zazimovani-neni-zadna-legrace\/","author":{"@type":"Person","@id":"https:\/\/www.zenya.cz\/author\/#Person","name":"","url":"https:\/\/www.zenya.cz\/author\/","identifier":1,"image":{"@type":"ImageObject","@id":"https:\/\/secure.gravatar.com\/avatar\/95e04d59dbd953edbb4078d954ab72cca879b754151ff5a1a9844caae0615e95?s=96&d=mm&r=g","url":"https:\/\/secure.gravatar.com\/avatar\/95e04d59dbd953edbb4078d954ab72cca879b754151ff5a1a9844caae0615e95?s=96&d=mm&r=g","height":96,"width":96}},"publisher":{"@type":"Organization","name":"zenya.cz","logo":{"@type":"ImageObject","@id":"\/logo.png","url":"\/logo.png","width":600,"height":60}},"image":{"@type":"ImageObject","@id":"https:\/\/www.zenya.cz\/wp-content\/uploads\/img_a353392_w3713_t1567967910.jpg","url":"https:\/\/www.zenya.cz\/wp-content\/uploads\/img_a353392_w3713_t1567967910.jpg","height":0,"width":0},"wordCount":558,"keywords":null},{"@type":"Article","@id":"https:\/\/www.zenya.cz\/zelva-nadherna\/","headline":"\u017delva n\u00e1dhern\u00e1","url":"https:\/\/www.zenya.cz\/zelva-nadherna\/","datePublished":"2019-09-05","dateModified":"2023-04-29","mainEntityOfPage":"https:\/\/www.zenya.cz\/zelva-nadherna\/","author":{"@type":"Person","@id":"https:\/\/www.zenya.cz\/author\/#Person","name":"","url":"https:\/\/www.zenya.cz\/author\/","identifier":1,"image":{"@type":"ImageObject","@id":"https:\/\/secure.gravatar.com\/avatar\/95e04d59dbd953edbb4078d954ab72cca879b754151ff5a1a9844caae0615e95?s=96&d=mm&r=g","url":"https:\/\/secure.gravatar.com\/avatar\/95e04d59dbd953edbb4078d954ab72cca879b754151ff5a1a9844caae0615e95?s=96&d=mm&r=g","height":96,"width":96}},"publisher":{"@type":"Organization","name":"zenya.cz","logo":{"@type":"ImageObject","@id":"\/logo.png","url":"\/logo.png","width":600,"height":60}},"image":{"@type":"ImageObject","@id":"https:\/\/www.zenya.cz\/wp-content\/uploads\/img_a354793_w3071_t1569334739.jpg","url":"https:\/\/www.zenya.cz\/wp-content\/uploads\/img_a354793_w3071_t1569334739.jpg","height":0,"width":0},"wordCount":510,"keywords":null},{"@type":"Article","@id":"https:\/\/www.zenya.cz\/samostudium-nebo-jazykove-kurzy\/","headline":"Samostudium nebo jazykov\u00e9 kurzy?","url":"https:\/\/www.zenya.cz\/samostudium-nebo-jazykove-kurzy\/","datePublished":"2019-09-04","dateModified":"2023-04-29","mainEntityOfPage":"https:\/\/www.zenya.cz\/samostudium-nebo-jazykove-kurzy\/","author":{"@type":"Person","@id":"https:\/\/www.zenya.cz\/author\/#Person","name":"","url":"https:\/\/www.zenya.cz\/author\/","identifier":1,"image":{"@type":"ImageObject","@id":"https:\/\/secure.gravatar.com\/avatar\/95e04d59dbd953edbb4078d954ab72cca879b754151ff5a1a9844caae0615e95?s=96&d=mm&r=g","url":"https:\/\/secure.gravatar.com\/avatar\/95e04d59dbd953edbb4078d954ab72cca879b754151ff5a1a9844caae0615e95?s=96&d=mm&r=g","height":96,"width":96}},"publisher":{"@type":"Organization","name":"zenya.cz","logo":{"@type":"ImageObject","@id":"\/logo.png","url":"\/logo.png","width":600,"height":60}},"image":{"@type":"ImageObject","@id":"https:\/\/www.zenya.cz\/wp-content\/uploads\/img_a352729_w3105_t1567164383.jpg","url":"https:\/\/www.zenya.cz\/wp-content\/uploads\/img_a352729_w3105_t1567164383.jpg","height":0,"width":0},"wordCount":589,"keywords":null},{"@type":"Article","@id":"https:\/\/www.zenya.cz\/prakticky-televizni-stolek\/","headline":"Praktick\u00fd televizn\u00ed stolek","url":"https:\/\/www.zenya.cz\/prakticky-televizni-stolek\/","datePublished":"2019-08-27","dateModified":"2023-04-29","mainEntityOfPage":"https:\/\/www.zenya.cz\/prakticky-televizni-stolek\/","author":{"@type":"Person","@id":"https:\/\/www.zenya.cz\/author\/#Person","name":"","url":"https:\/\/www.zenya.cz\/author\/","identifier":1,"image":{"@type":"ImageObject","@id":"https:\/\/secure.gravatar.com\/avatar\/95e04d59dbd953edbb4078d954ab72cca879b754151ff5a1a9844caae0615e95?s=96&d=mm&r=g","url":"https:\/\/secure.gravatar.com\/avatar\/95e04d59dbd953edbb4078d954ab72cca879b754151ff5a1a9844caae0615e95?s=96&d=mm&r=g","height":96,"width":96}},"publisher":{"@type":"Organization","name":"zenya.cz","logo":{"@type":"ImageObject","@id":"\/logo.png","url":"\/logo.png","width":600,"height":60}},"image":{"@type":"ImageObject","@id":"https:\/\/www.zenya.cz\/wp-content\/uploads\/img_a359024_w1885_t1573193135.jpg","url":"https:\/\/www.zenya.cz\/wp-content\/uploads\/img_a359024_w1885_t1573193135.jpg","height":0,"width":0},"wordCount":501,"keywords":null},{"@type":"Article","@id":"https:\/\/www.zenya.cz\/proc-je-internet-v-dnesni-dobe-tak-dulezity\/","headline":"Pro\u010d je internet v dne\u0161n\u00ed dob\u011b tak d\u016fle\u017eit\u00fd?","url":"https:\/\/www.zenya.cz\/proc-je-internet-v-dnesni-dobe-tak-dulezity\/","datePublished":"2019-08-16","dateModified":"2023-04-29","mainEntityOfPage":"https:\/\/www.zenya.cz\/proc-je-internet-v-dnesni-dobe-tak-dulezity\/","author":{"@type":"Person","@id":"https:\/\/www.zenya.cz\/author\/#Person","name":"","url":"https:\/\/www.zenya.cz\/author\/","identifier":1,"image":{"@type":"ImageObject","@id":"https:\/\/secure.gravatar.com\/avatar\/95e04d59dbd953edbb4078d954ab72cca879b754151ff5a1a9844caae0615e95?s=96&d=mm&r=g","url":"https:\/\/secure.gravatar.com\/avatar\/95e04d59dbd953edbb4078d954ab72cca879b754151ff5a1a9844caae0615e95?s=96&d=mm&r=g","height":96,"width":96}},"publisher":{"@type":"Organization","name":"zenya.cz","logo":{"@type":"ImageObject","@id":"\/logo.png","url":"\/logo.png","width":600,"height":60}},"image":{"@type":"ImageObject","@id":"https:\/\/www.zenya.cz\/wp-content\/uploads\/img_a352584_w3204_t1567071129.jpg","url":"https:\/\/www.zenya.cz\/wp-content\/uploads\/img_a352584_w3204_t1567071129.jpg","height":0,"width":0},"wordCount":597,"keywords":null}]},{"@context":"https:\/\/schema.org","@type":"WebSite","@id":"https:\/\/www.zenya.cz\/#website","name":"Zenya","url":"https:\/\/www.zenya.cz","potentialAction":{"@type":"SearchAction","target":"https:\/\/www.zenya.cz\/?s={search_term_string}","query-input":"required name=search_term_string"}}]