[{"@context":"https:\/\/schema.org\/","@type":"Article","@id":"https:\/\/www.zenya.cz\/cesty-osudu\/#Article","mainEntityOfPage":"https:\/\/www.zenya.cz\/cesty-osudu\/","headline":"Cesty osudu","name":"Cesty osudu","description":"Cesty osudu jsou nevyzpytateln\u00e9. N\u011bkomu nad\u011bl\u00ed \u0161t\u011bst\u00ed na deset \u017eivot\u016f, jin\u00fd je \u017eivotem dept\u00e1n od po\u010d\u00e1tku n\u011bkdy a\u017e za hrob. N\u011bkdo se dom\u016f\u017ee dobr\u00e9ho postaven\u00ed, pen\u011bz, \u0161\u0165astn\u00e9 rodiny. Jin\u00fd skon\u010d\u00ed na invalidn\u00edm voz\u00edku, s ne\u00faplnou rodinou, posti\u017een\u00fdmi d\u011btmi. Situace ka\u017ed\u00e9ho z obou p\u0159\u00edpad\u016f je diametr\u00e1ln\u011b rozd\u00edln\u00e1, ale v n\u011b\u010dem je \u010dasto \u00fapln\u011b stejn\u00e1. Co je...","datePublished":"2024-12-01","dateModified":"2024-12-01","author":{"@type":"Person","@id":"https:\/\/www.zenya.cz\/author\/#Person","name":"","url":"https:\/\/www.zenya.cz\/author\/","identifier":1,"image":{"@type":"ImageObject","@id":"https:\/\/secure.gravatar.com\/avatar\/95e04d59dbd953edbb4078d954ab72cca879b754151ff5a1a9844caae0615e95?s=96&d=mm&r=g","url":"https:\/\/secure.gravatar.com\/avatar\/95e04d59dbd953edbb4078d954ab72cca879b754151ff5a1a9844caae0615e95?s=96&d=mm&r=g","height":96,"width":96}},"publisher":{"@type":"Organization","name":"zenya.cz","logo":{"@type":"ImageObject","@id":"\/logo.png","url":"\/logo.png","width":600,"height":60}},"url":"https:\/\/www.zenya.cz\/cesty-osudu\/","wordCount":181,"articleBody":" Cesty osudu jsou nevyzpytateln\u00e9. N\u011bkomu nad\u011bl\u00ed \u0161t\u011bst\u00ed na deset \u017eivot\u016f, jin\u00fd je \u017eivotem dept\u00e1n od po\u010d\u00e1tku n\u011bkdy a\u017e za hrob. N\u011bkdo se dom\u016f\u017ee dobr\u00e9ho postaven\u00ed, pen\u011bz, \u0161\u0165astn\u00e9 rodiny. Jin\u00fd skon\u010d\u00ed na invalidn\u00edm voz\u00edku, s ne\u00faplnou rodinou, posti\u017een\u00fdmi d\u011btmi. Situace ka\u017ed\u00e9ho z obou p\u0159\u00edpad\u016f je diametr\u00e1ln\u011b rozd\u00edln\u00e1, ale v n\u011b\u010dem je \u010dasto \u00fapln\u011b stejn\u00e1. Co je stejn\u00e9 V obou zm\u00edn\u011bn\u00fdch p\u0159\u00edpadech \u010dasto nechcete, aby v\u00e1m na v\u00e1\u0161 \u017eivot vid\u011bli v\u0161ichni, kdo proch\u00e1z\u00ed kolem va\u0161eho domova, rodinn\u00e9ho domku. Pro\u010d? Kdo m\u00e1 \u0161t\u011bst\u00ed, vystavuje se akutn\u00edmu nebezpe\u010d\u00ed z\u00e1visti nep\u0159ej\u00edc\u00edch lid\u00ed. A kdo je n\u011bjak\u00fdm zp\u016fsobem posti\u017een nep\u0159\u00edzn\u00ed, nebo n\u011bjak handicapov\u00e1n, ten zase riskuje posm\u011bch, nevra\u017eivost, xenofobn\u00ed projevy a podobn\u011b. V obou p\u0159\u00edpadech pom\u016f\u017ee dobr\u00e9 ohrazen\u00ed na\u0161eho pozemku, chr\u00e1n\u00edc\u00ed soukrom\u00ed. Nejjednodu\u0161\u0161\u00ed a p\u0159itom stylov\u00e9 \u0159e\u0161en\u00ed nab\u00edzej\u00ed betonov\u00e9 ploty.                                                                                                                                                                                                                                                                                                                                                                                        3.2\/5 - (4 votes)        "},{"@context":"https:\/\/schema.org\/","@type":"BreadcrumbList","itemListElement":[{"@type":"ListItem","position":1,"name":"Cesty osudu","item":"https:\/\/www.zenya.cz\/cesty-osudu\/#breadcrumbitem"}]}]